[{"@context":"https:\/\/schema.org\/","@type":"Article","@id":"https:\/\/www.prolek.cz\/je-moda-skutecne-univerzalni\/#Article","mainEntityOfPage":"https:\/\/www.prolek.cz\/je-moda-skutecne-univerzalni\/","headline":"Je m\u00f3da skute\u010dn\u011b univerz\u00e1ln\u00ed?","name":"Je m\u00f3da skute\u010dn\u011b univerz\u00e1ln\u00ed?","description":"Asi ka\u017ed\u00fd v\u00ed, \u017ee m\u00f3dn\u00ed trendy se konstantn\u011b m\u011bn\u00ed. Prakticky ka\u017edou sez\u00f3nu se nos\u00ed n\u011bco jin\u00e9ho. Co si v\u0161ak mnoho lid\u00ed neuv\u011bdomuje, je to, o jak svazuj\u00edc\u00ed v\u011bc se v\u00a0podstat\u011b jedn\u00e1. \u00a0 Pokud by je toti\u017e nap\u0159\u00edklad n\u00e1sledovaly v\u0161echny \u017eeny, pak by na sob\u011b m\u011bly prakticky to sam\u00e9. A tady se mus\u00edme zamyslet nad t\u00edm, [&hellip;]","datePublished":"2023-02-07","dateModified":"2023-04-29","author":{"@type":"Person","@id":"https:\/\/www.prolek.cz\/author\/#Person","name":"","url":"https:\/\/www.prolek.cz\/author\/","identifier":1,"image":{"@type":"ImageObject","@id":"https:\/\/secure.gravatar.com\/avatar\/15c4177f6d86975c976af12ba80b10af7add2f97f8786f8cf1596253472c0ea7?s=96&d=mm&r=g","url":"https:\/\/secure.gravatar.com\/avatar\/15c4177f6d86975c976af12ba80b10af7add2f97f8786f8cf1596253472c0ea7?s=96&d=mm&r=g","height":96,"width":96}},"publisher":{"@type":"Organization","name":"prolek.cz","logo":{"@type":"ImageObject","@id":"\/logo.png","url":"\/logo.png","width":600,"height":60}},"image":{"@type":"ImageObject","@id":"https:\/\/www.prolek.cz\/wp-content\/uploads\/moda4_5.jpg","url":"https:\/\/www.prolek.cz\/wp-content\/uploads\/moda4_5.jpg","height":0,"width":0},"url":"https:\/\/www.prolek.cz\/je-moda-skutecne-univerzalni\/","about":["M\u00f3da"],"wordCount":440,"articleBody":"Asi ka\u017ed\u00fd v\u00ed, \u017ee m\u00f3dn\u00ed trendy se konstantn\u011b m\u011bn\u00ed. Prakticky ka\u017edou sez\u00f3nu se nos\u00ed n\u011bco jin\u00e9ho. Co si v\u0161ak mnoho lid\u00ed neuv\u011bdomuje, je to, o jak svazuj\u00edc\u00ed v\u011bc se v\u00a0podstat\u011b jedn\u00e1.\u00a0Pokud by je toti\u017e nap\u0159\u00edklad n\u00e1sledovaly v\u0161echny \u017eeny, pak by na sob\u011b m\u011bly prakticky to sam\u00e9. A tady se mus\u00edme zamyslet nad t\u00edm, zda je to skute\u010dn\u011b n\u011bco, co bychom cht\u011bli. Nelze toti\u017e pominout fakt, \u017ee prakticky ka\u017ed\u00fd \u010dlov\u011bk m\u00e1 jinou postavu, a tak je velmi nepravd\u011bpodobn\u00e9, \u017ee jeden styl bude slu\u0161et v\u0161em.\u00a0\u00a0Jist\u011b, m\u016f\u017eeme nam\u00edtnout, \u017ee nap\u0159\u00edklad d\u017e\u00edny a tri\u010dko pat\u0159\u00ed k\u00a0podobn\u00e9mu univerz\u00e1ln\u00edmu outfitu, av\u0161ak jen m\u00e1lokdo si uv\u011bdomuje, \u017ee je mo\u017en\u00e9 si vybrat z\u00a0mnoha r\u016fzn\u00fdch st\u0159ih\u016f a typ\u016f, a to jak u tri\u010dek, tak i u d\u017e\u00edn\u016f. To v\u0161ak u v\u011bt\u0161iny skute\u010dn\u011b m\u00f3dn\u00edch oble\u010den\u00ed nejde.\u00a0Cel\u00e9 v\u011bci nepom\u00e1h\u00e1 ani to, \u017ee je n\u00e1vrh\u00e1\u0159i v\u011bt\u0161inou vytv\u00e1\u0159\u00ed tak, aby vypadaly dob\u0159e na \u0161t\u00edhl\u00e9 postav\u011b. A je to pochopiteln\u00e9 \u2013 koneckonc\u016f modelky jsou \u0161t\u00edhl\u00e9, mnohdy a\u017e anorektick\u00e9, a pr\u00e1v\u011b ony nov\u00e9 trendy p\u0159edv\u00e1d\u00ed. Mus\u00ed v\u00a0nich tedy vypadat co nejl\u00e9pe.\u00a0\u00a0Probl\u00e9m je, \u017ee jen m\u00e1lokter\u00e1 z\u00a0\u017een m\u00e1 takovou postavu, zvl\u00e1\u0161t\u011b v\u00a0dne\u0161n\u00ed dob\u011b, kdy je b\u011b\u017en\u00fd sedav\u00fd zp\u016fsob \u017eivota, a\u0165 u\u017e doma \u010di v\u00a0zam\u011bstn\u00e1n\u00ed. Pokud se pak n\u011bkdo takov\u00fd rozhodne vypadat tak, jako \u017eeny v\u00a0m\u00f3dn\u00edch \u010dasopisech, snadno se m\u016f\u017ee st\u00e1t, \u017ee v\u00fdsledek nebude zrovna oslniv\u00fd.\u00a0Tak\u00e9 je pot\u0159eba zv\u00e1\u017eit ot\u00e1zku, jak by to vypadalo, kdyby v\u0161ichni nosili to sam\u00e9. Koneckonc\u016f, zm\u011bna je ko\u0159en\u00edm \u017eivota, a to plat\u00ed i o obl\u00e9k\u00e1n\u00ed. Mus\u00edme p\u0159ipustit, \u017ee rozhodn\u011b vypad\u00e1 l\u00e9pe, kdy\u017e na ulici vid\u00edme mnoho r\u016fzn\u00fdch styl\u016f, z\u00a0nich\u017e ka\u017ed\u00fd dob\u0159e padne dan\u00e9 postav\u011b, ne\u017e jen jeden, kter\u00fd t\u00e9m\u011b\u0159 nikomu neslu\u0161\u00ed.\u00a0Proto se doporu\u010duje, aby si \u010dlov\u011bk na\u0161el sv\u016fj vlastn\u00ed styl, kter\u00fd mu bude slu\u0161et a ve kter\u00e9m se bude c\u00edtit dob\u0159e. Samoz\u0159ejm\u011b, pokud nem\u00e1me zrovna vyt\u0159\u00edben\u00fd m\u00f3dn\u00ed vkus, je dobr\u00e9 si nechat poradit od odborn\u00edka, co n\u00e1m slu\u0161\u00ed, av\u0161ak rozhodn\u011b bychom nem\u011bli ztratit svou individualitu, a to i v\u00a0obl\u00e9k\u00e1n\u00ed. Byla by to toti\u017e velk\u00e1 \u0161koda.                                                                                                                                                                                                                                                                                                                                                                                                "},{"@context":"https:\/\/schema.org\/","@type":"BreadcrumbList","itemListElement":[{"@type":"ListItem","position":1,"name":"Je m\u00f3da skute\u010dn\u011b univerz\u00e1ln\u00ed?","item":"https:\/\/www.prolek.cz\/je-moda-skutecne-univerzalni\/#breadcrumbitem"}]}]