[{"@context":"https:\/\/schema.org\/","@type":"Blog","@id":"https:\/\/www.prolek.cz#Blog","headline":"Prolek","description":"\nVoln\u00e9 finan\u010dn\u00ed prost\u0159edky lze v dne\u0161n\u00ed dob\u011b investovat do lec\u010deho. Ov\u0161em jen do n\u011b\u010deho, co bu\u010f znehodnocuje inflace nebo co je v\u00edce \u010di m\u00e9n\u011b rizikov\u00e9.","url":"https:\/\/www.prolek.cz","hasPart":[{"@type":"Article","@id":"https:\/\/www.prolek.cz\/ploty-a-plutky\/","headline":"Ploty a pl\u016ftky","url":"https:\/\/www.prolek.cz\/ploty-a-plutky\/","datePublished":"2025-12-13","dateModified":"2025-12-13","mainEntityOfPage":"https:\/\/www.prolek.cz\/ploty-a-plutky\/","author":{"@type":"Person","@id":"https:\/\/www.prolek.cz\/author\/#Person","name":"","url":"https:\/\/www.prolek.cz\/author\/","identifier":1,"image":{"@type":"ImageObject","@id":"https:\/\/secure.gravatar.com\/avatar\/15c4177f6d86975c976af12ba80b10af7add2f97f8786f8cf1596253472c0ea7?s=96&d=mm&r=g","url":"https:\/\/secure.gravatar.com\/avatar\/15c4177f6d86975c976af12ba80b10af7add2f97f8786f8cf1596253472c0ea7?s=96&d=mm&r=g","height":96,"width":96}},"publisher":{"@type":"Organization","name":"prolek.cz","logo":{"@type":"ImageObject","@id":"\/logo.png","url":"\/logo.png","width":600,"height":60}},"image":{"@type":"ImageObject","@id":"https:\/\/www.prolek.cz\/wp-content\/uploads\/pexels-jeshoots-7430.jpg","url":"https:\/\/www.prolek.cz\/wp-content\/uploads\/pexels-jeshoots-7430.jpg","height":0,"width":0},"wordCount":593,"keywords":null},{"@type":"Article","@id":"https:\/\/www.prolek.cz\/uz-jste-byli-na-striptyzu\/","headline":"U\u017e jste byli na stript\u00fdzu?","url":"https:\/\/www.prolek.cz\/uz-jste-byli-na-striptyzu\/","datePublished":"2025-08-12","dateModified":"2025-08-12","mainEntityOfPage":"https:\/\/www.prolek.cz\/uz-jste-byli-na-striptyzu\/","author":{"@type":"Person","@id":"https:\/\/www.prolek.cz\/author\/#Person","name":"","url":"https:\/\/www.prolek.cz\/author\/","identifier":1,"image":{"@type":"ImageObject","@id":"https:\/\/secure.gravatar.com\/avatar\/15c4177f6d86975c976af12ba80b10af7add2f97f8786f8cf1596253472c0ea7?s=96&d=mm&r=g","url":"https:\/\/secure.gravatar.com\/avatar\/15c4177f6d86975c976af12ba80b10af7add2f97f8786f8cf1596253472c0ea7?s=96&d=mm&r=g","height":96,"width":96}},"publisher":{"@type":"Organization","name":"prolek.cz","logo":{"@type":"ImageObject","@id":"\/logo.png","url":"\/logo.png","width":600,"height":60}},"image":null,"wordCount":354,"keywords":null},{"@type":"Article","@id":"https:\/\/www.prolek.cz\/proc-venovat-pozornost-vyberu-kabelu\/","headline":"Pro\u010d v\u011bnovat pozornost v\u00fdb\u011bru kabelu","url":"https:\/\/www.prolek.cz\/proc-venovat-pozornost-vyberu-kabelu\/","datePublished":"2025-08-11","dateModified":"2025-08-11","mainEntityOfPage":"https:\/\/www.prolek.cz\/proc-venovat-pozornost-vyberu-kabelu\/","author":{"@type":"Person","@id":"https:\/\/www.prolek.cz\/author\/#Person","name":"","url":"https:\/\/www.prolek.cz\/author\/","identifier":1,"image":{"@type":"ImageObject","@id":"https:\/\/secure.gravatar.com\/avatar\/15c4177f6d86975c976af12ba80b10af7add2f97f8786f8cf1596253472c0ea7?s=96&d=mm&r=g","url":"https:\/\/secure.gravatar.com\/avatar\/15c4177f6d86975c976af12ba80b10af7add2f97f8786f8cf1596253472c0ea7?s=96&d=mm&r=g","height":96,"width":96}},"publisher":{"@type":"Organization","name":"prolek.cz","logo":{"@type":"ImageObject","@id":"\/logo.png","url":"\/logo.png","width":600,"height":60}},"image":{"@type":"ImageObject","@id":"https:\/\/www.prolek.cz\/wp-content\/uploads\/kabel%20na%20telefon.jpg","url":"https:\/\/www.prolek.cz\/wp-content\/uploads\/kabel%20na%20telefon.jpg","height":0,"width":0},"wordCount":616,"keywords":null},{"@type":"Article","@id":"https:\/\/www.prolek.cz\/sklenene-zabradli-v-bytovych-domech\/","headline":"Sklen\u011bn\u00e9 z\u00e1bradl\u00ed v bytov\u00fdch domech","url":"https:\/\/www.prolek.cz\/sklenene-zabradli-v-bytovych-domech\/","datePublished":"2025-07-02","dateModified":"2025-07-02","mainEntityOfPage":"https:\/\/www.prolek.cz\/sklenene-zabradli-v-bytovych-domech\/","author":{"@type":"Person","@id":"https:\/\/www.prolek.cz\/author\/#Person","name":"","url":"https:\/\/www.prolek.cz\/author\/","identifier":1,"image":{"@type":"ImageObject","@id":"https:\/\/secure.gravatar.com\/avatar\/15c4177f6d86975c976af12ba80b10af7add2f97f8786f8cf1596253472c0ea7?s=96&d=mm&r=g","url":"https:\/\/secure.gravatar.com\/avatar\/15c4177f6d86975c976af12ba80b10af7add2f97f8786f8cf1596253472c0ea7?s=96&d=mm&r=g","height":96,"width":96}},"publisher":{"@type":"Organization","name":"prolek.cz","logo":{"@type":"ImageObject","@id":"\/logo.png","url":"\/logo.png","width":600,"height":60}},"image":{"@type":"ImageObject","@id":"https:\/\/www.prolek.cz\/wp-content\/uploads\/russelsheim-2122678_640_10_2.jpg","url":"https:\/\/www.prolek.cz\/wp-content\/uploads\/russelsheim-2122678_640_10_2.jpg","height":0,"width":0},"wordCount":654,"keywords":null},{"@type":"Article","@id":"https:\/\/www.prolek.cz\/prace-na-softwaru\/","headline":"Pr\u00e1ce na softwaru","url":"https:\/\/www.prolek.cz\/prace-na-softwaru\/","datePublished":"2025-06-16","dateModified":"2025-06-16","mainEntityOfPage":"https:\/\/www.prolek.cz\/prace-na-softwaru\/","author":{"@type":"Person","@id":"https:\/\/www.prolek.cz\/author\/#Person","name":"","url":"https:\/\/www.prolek.cz\/author\/","identifier":1,"image":{"@type":"ImageObject","@id":"https:\/\/secure.gravatar.com\/avatar\/15c4177f6d86975c976af12ba80b10af7add2f97f8786f8cf1596253472c0ea7?s=96&d=mm&r=g","url":"https:\/\/secure.gravatar.com\/avatar\/15c4177f6d86975c976af12ba80b10af7add2f97f8786f8cf1596253472c0ea7?s=96&d=mm&r=g","height":96,"width":96}},"publisher":{"@type":"Organization","name":"prolek.cz","logo":{"@type":"ImageObject","@id":"\/logo.png","url":"\/logo.png","width":600,"height":60}},"image":{"@type":"ImageObject","@id":"https:\/\/www.prolek.cz\/wp-content\/uploads\/car-5725330_640.jpg","url":"https:\/\/www.prolek.cz\/wp-content\/uploads\/car-5725330_640.jpg","height":0,"width":0},"wordCount":565,"keywords":null},{"@type":"Article","@id":"https:\/\/www.prolek.cz\/leasing-bez-starosti\/","headline":"Leasing bez starost\u00ed","url":"https:\/\/www.prolek.cz\/leasing-bez-starosti\/","datePublished":"2025-06-04","dateModified":"2025-06-04","mainEntityOfPage":"https:\/\/www.prolek.cz\/leasing-bez-starosti\/","author":{"@type":"Person","@id":"https:\/\/www.prolek.cz\/author\/#Person","name":"","url":"https:\/\/www.prolek.cz\/author\/","identifier":1,"image":{"@type":"ImageObject","@id":"https:\/\/secure.gravatar.com\/avatar\/15c4177f6d86975c976af12ba80b10af7add2f97f8786f8cf1596253472c0ea7?s=96&d=mm&r=g","url":"https:\/\/secure.gravatar.com\/avatar\/15c4177f6d86975c976af12ba80b10af7add2f97f8786f8cf1596253472c0ea7?s=96&d=mm&r=g","height":96,"width":96}},"publisher":{"@type":"Organization","name":"prolek.cz","logo":{"@type":"ImageObject","@id":"\/logo.png","url":"\/logo.png","width":600,"height":60}},"image":{"@type":"ImageObject","@id":"https:\/\/www.prolek.cz\/wp-content\/uploads\/audi-8336484_640_6.jpg","url":"https:\/\/www.prolek.cz\/wp-content\/uploads\/audi-8336484_640_6.jpg","height":0,"width":0},"wordCount":623,"keywords":null},{"@type":"Article","@id":"https:\/\/www.prolek.cz\/chiptuning\/","headline":"Chiptuning","url":"https:\/\/www.prolek.cz\/chiptuning\/","datePublished":"2025-04-23","dateModified":"2025-04-23","mainEntityOfPage":"https:\/\/www.prolek.cz\/chiptuning\/","author":{"@type":"Person","@id":"https:\/\/www.prolek.cz\/author\/#Person","name":"","url":"https:\/\/www.prolek.cz\/author\/","identifier":1,"image":{"@type":"ImageObject","@id":"https:\/\/secure.gravatar.com\/avatar\/15c4177f6d86975c976af12ba80b10af7add2f97f8786f8cf1596253472c0ea7?s=96&d=mm&r=g","url":"https:\/\/secure.gravatar.com\/avatar\/15c4177f6d86975c976af12ba80b10af7add2f97f8786f8cf1596253472c0ea7?s=96&d=mm&r=g","height":96,"width":96}},"publisher":{"@type":"Organization","name":"prolek.cz","logo":{"@type":"ImageObject","@id":"\/logo.png","url":"\/logo.png","width":600,"height":60}},"image":null,"wordCount":229,"keywords":null},{"@type":"Article","@id":"https:\/\/www.prolek.cz\/aby-bylo-kotveni-vaty-na-fasadu-spolehlive\/","headline":"Aby bylo kotven\u00ed vaty na fas\u00e1du spolehliv\u00e9","url":"https:\/\/www.prolek.cz\/aby-bylo-kotveni-vaty-na-fasadu-spolehlive\/","datePublished":"2025-04-19","dateModified":"2025-04-19","mainEntityOfPage":"https:\/\/www.prolek.cz\/aby-bylo-kotveni-vaty-na-fasadu-spolehlive\/","author":{"@type":"Person","@id":"https:\/\/www.prolek.cz\/author\/#Person","name":"","url":"https:\/\/www.prolek.cz\/author\/","identifier":1,"image":{"@type":"ImageObject","@id":"https:\/\/secure.gravatar.com\/avatar\/15c4177f6d86975c976af12ba80b10af7add2f97f8786f8cf1596253472c0ea7?s=96&d=mm&r=g","url":"https:\/\/secure.gravatar.com\/avatar\/15c4177f6d86975c976af12ba80b10af7add2f97f8786f8cf1596253472c0ea7?s=96&d=mm&r=g","height":96,"width":96}},"publisher":{"@type":"Organization","name":"prolek.cz","logo":{"@type":"ImageObject","@id":"\/logo.png","url":"\/logo.png","width":600,"height":60}},"image":{"@type":"ImageObject","@id":"https:\/\/www.prolek.cz\/wp-content\/uploads\/framework-1379633_640_10_7.jpg","url":"https:\/\/www.prolek.cz\/wp-content\/uploads\/framework-1379633_640_10_7.jpg","height":0,"width":0},"wordCount":514,"keywords":null},{"@type":"Article","@id":"https:\/\/www.prolek.cz\/uzijte-si-nejlepsi-koncentraci-vikendovych-pobytu\/","headline":"U\u017eijte si nejlep\u0161\u00ed koncentraci v\u00edkendov\u00fdch pobyt\u016f","url":"https:\/\/www.prolek.cz\/uzijte-si-nejlepsi-koncentraci-vikendovych-pobytu\/","datePublished":"2025-04-17","dateModified":"2025-04-17","mainEntityOfPage":"https:\/\/www.prolek.cz\/uzijte-si-nejlepsi-koncentraci-vikendovych-pobytu\/","author":{"@type":"Person","@id":"https:\/\/www.prolek.cz\/author\/#Person","name":"","url":"https:\/\/www.prolek.cz\/author\/","identifier":1,"image":{"@type":"ImageObject","@id":"https:\/\/secure.gravatar.com\/avatar\/15c4177f6d86975c976af12ba80b10af7add2f97f8786f8cf1596253472c0ea7?s=96&d=mm&r=g","url":"https:\/\/secure.gravatar.com\/avatar\/15c4177f6d86975c976af12ba80b10af7add2f97f8786f8cf1596253472c0ea7?s=96&d=mm&r=g","height":96,"width":96}},"publisher":{"@type":"Organization","name":"prolek.cz","logo":{"@type":"ImageObject","@id":"\/logo.png","url":"\/logo.png","width":600,"height":60}},"image":null,"wordCount":262,"keywords":null},{"@type":"Article","@id":"https:\/\/www.prolek.cz\/korkove-desky-pro-kreativni-upravu-sten-idealni-volba-i-pro-najemni-byty\/","headline":"Korkov\u00e9 desky pro kreativn\u00ed \u00fapravu st\u011bn \u2013 ide\u00e1ln\u00ed volba i pro n\u00e1jemn\u00ed byty","url":"https:\/\/www.prolek.cz\/korkove-desky-pro-kreativni-upravu-sten-idealni-volba-i-pro-najemni-byty\/","datePublished":"2025-04-12","dateModified":"2025-04-12","mainEntityOfPage":"https:\/\/www.prolek.cz\/korkove-desky-pro-kreativni-upravu-sten-idealni-volba-i-pro-najemni-byty\/","author":{"@type":"Person","@id":"https:\/\/www.prolek.cz\/author\/#Person","name":"","url":"https:\/\/www.prolek.cz\/author\/","identifier":1,"image":{"@type":"ImageObject","@id":"https:\/\/secure.gravatar.com\/avatar\/15c4177f6d86975c976af12ba80b10af7add2f97f8786f8cf1596253472c0ea7?s=96&d=mm&r=g","url":"https:\/\/secure.gravatar.com\/avatar\/15c4177f6d86975c976af12ba80b10af7add2f97f8786f8cf1596253472c0ea7?s=96&d=mm&r=g","height":96,"width":96}},"publisher":{"@type":"Organization","name":"prolek.cz","logo":{"@type":"ImageObject","@id":"\/logo.png","url":"\/logo.png","width":600,"height":60}},"image":{"@type":"ImageObject","@id":"https:\/\/www.prolek.cz\/wp-content\/uploads\/korkove_desky_TvV7a4.jpg","url":"https:\/\/www.prolek.cz\/wp-content\/uploads\/korkove_desky_TvV7a4.jpg","height":0,"width":0},"wordCount":1055,"keywords":null}]},{"@context":"https:\/\/schema.org","@type":"WebSite","@id":"https:\/\/www.prolek.cz\/#website","name":"Prolek","url":"https:\/\/www.prolek.cz","potentialAction":{"@type":"SearchAction","target":"https:\/\/www.prolek.cz\/?s={search_term_string}","query-input":"required name=search_term_string"}}]